{"id":1,"date":"2021-05-25T10:15:00","date_gmt":"2021-05-25T08:15:00","guid":{"rendered":"https:\/\/www.elvivo.de\/?p=1"},"modified":"2021-05-25T10:07:33","modified_gmt":"2021-05-25T08:07:33","slug":"hallo-welt","status":"publish","type":"post","link":"https:\/\/www.elvivo.de\/?p=1","title":{"rendered":"NOA &#8211; Nordwest-Argentinien"},"content":{"rendered":"\n<h2>Ein geographischer Reise-Blog<\/h2>\n\n\n\n<p class=\"has-text-align-left\">Ich begr\u00fc\u00dfe Sie\/Euch auf meiner Web-Seite zu den Eigenheiten und Sch\u00f6nheiten des Norden Argentiniens<\/p>\n\n\n\n<p>Als Geograph reise ich schon seit vielen Jahren in Argentinien umher. In  den vergangenen Jahren habe ich mich stark auf die unbekannteren  Provinzen im Nordwesten vor den Anden konzentriert. Dar\u00fcber und \u00fcber die  vielen Eigenheiten des Landes m\u00f6chte ich berichten.<\/p>\n\n\n\n<p>Impressionen faszinierender Landschaften: <\/p>\n\n\n\n<figure class=\"wp-block-gallery columns-6 is-cropped\"><ul class=\"blocks-gallery-grid\"><li class=\"blocks-gallery-item\"><figure><img loading=\"lazy\" width=\"1020\" height=\"765\" src=\"https:\/\/www.elvivo.de\/wp-content\/uploads\/2019\/05\/52401353_1000_4_optimized-1.jpg\" alt=\"\" data-id=\"42\" data-link=\"https:\/\/www.elvivo.de\/?attachment_id=42\" class=\"wp-image-42\" srcset=\"https:\/\/www.elvivo.de\/wp-content\/uploads\/2019\/05\/52401353_1000_4_optimized-1.jpg 1020w, https:\/\/www.elvivo.de\/wp-content\/uploads\/2019\/05\/52401353_1000_4_optimized-1-300x225.jpg 300w, https:\/\/www.elvivo.de\/wp-content\/uploads\/2019\/05\/52401353_1000_4_optimized-1-768x576.jpg 768w, https:\/\/www.elvivo.de\/wp-content\/uploads\/2019\/05\/52401353_1000_4_optimized-1-900x675.jpg 900w\" sizes=\"(max-width: 1020px) 100vw, 1020px\" \/><\/figure><\/li><li class=\"blocks-gallery-item\"><figure><img loading=\"lazy\" width=\"157\" height=\"157\" src=\"https:\/\/www.elvivo.de\/wp-content\/uploads\/2019\/05\/6528373_x2-2.jpg\" alt=\"\" data-id=\"40\" data-link=\"https:\/\/www.elvivo.de\/?attachment_id=40\" class=\"wp-image-40\" srcset=\"https:\/\/www.elvivo.de\/wp-content\/uploads\/2019\/05\/6528373_x2-2.jpg 157w, https:\/\/www.elvivo.de\/wp-content\/uploads\/2019\/05\/6528373_x2-2-150x150.jpg 150w, https:\/\/www.elvivo.de\/wp-content\/uploads\/2019\/05\/6528373_x2-2-88x88.jpg 88w\" sizes=\"(max-width: 157px) 100vw, 157px\" \/><\/figure><\/li><li class=\"blocks-gallery-item\"><figure><img loading=\"lazy\" width=\"157\" height=\"157\" src=\"https:\/\/www.elvivo.de\/wp-content\/uploads\/2019\/05\/6528365_x2-1.jpg\" alt=\"\" data-id=\"45\" data-link=\"https:\/\/www.elvivo.de\/?attachment_id=45\" class=\"wp-image-45\" srcset=\"https:\/\/www.elvivo.de\/wp-content\/uploads\/2019\/05\/6528365_x2-1.jpg 157w, https:\/\/www.elvivo.de\/wp-content\/uploads\/2019\/05\/6528365_x2-1-150x150.jpg 150w, https:\/\/www.elvivo.de\/wp-content\/uploads\/2019\/05\/6528365_x2-1-88x88.jpg 88w\" sizes=\"(max-width: 157px) 100vw, 157px\" \/><\/figure><\/li><li class=\"blocks-gallery-item\"><figure><img loading=\"lazy\" width=\"157\" height=\"157\" src=\"https:\/\/www.elvivo.de\/wp-content\/uploads\/2019\/05\/6528372_x2-1.jpg\" alt=\"\" data-id=\"43\" data-link=\"https:\/\/www.elvivo.de\/?attachment_id=43\" class=\"wp-image-43\" srcset=\"https:\/\/www.elvivo.de\/wp-content\/uploads\/2019\/05\/6528372_x2-1.jpg 157w, https:\/\/www.elvivo.de\/wp-content\/uploads\/2019\/05\/6528372_x2-1-150x150.jpg 150w, https:\/\/www.elvivo.de\/wp-content\/uploads\/2019\/05\/6528372_x2-1-88x88.jpg 88w\" sizes=\"(max-width: 157px) 100vw, 157px\" \/><\/figure><\/li><li class=\"blocks-gallery-item\"><figure><img loading=\"lazy\" width=\"157\" height=\"157\" src=\"https:\/\/www.elvivo.de\/wp-content\/uploads\/2019\/05\/6528366_x2-1.jpg\" alt=\"\" data-id=\"44\" data-link=\"https:\/\/www.elvivo.de\/?attachment_id=44\" class=\"wp-image-44\" srcset=\"https:\/\/www.elvivo.de\/wp-content\/uploads\/2019\/05\/6528366_x2-1.jpg 157w, https:\/\/www.elvivo.de\/wp-content\/uploads\/2019\/05\/6528366_x2-1-150x150.jpg 150w, https:\/\/www.elvivo.de\/wp-content\/uploads\/2019\/05\/6528366_x2-1-88x88.jpg 88w\" sizes=\"(max-width: 157px) 100vw, 157px\" \/><\/figure><\/li><li class=\"blocks-gallery-item\"><figure><img loading=\"lazy\" width=\"157\" height=\"157\" src=\"https:\/\/www.elvivo.de\/wp-content\/uploads\/2019\/05\/6528377_x2-1.jpg\" alt=\"\" data-id=\"41\" data-link=\"https:\/\/www.elvivo.de\/?attachment_id=41\" class=\"wp-image-41\" srcset=\"https:\/\/www.elvivo.de\/wp-content\/uploads\/2019\/05\/6528377_x2-1.jpg 157w, https:\/\/www.elvivo.de\/wp-content\/uploads\/2019\/05\/6528377_x2-1-150x150.jpg 150w, https:\/\/www.elvivo.de\/wp-content\/uploads\/2019\/05\/6528377_x2-1-88x88.jpg 88w\" sizes=\"(max-width: 157px) 100vw, 157px\" \/><\/figure><\/li><\/ul><\/figure>\n\n\n\n<p><strong>Nach Nordwesten:<\/strong><\/p>\n\n\n\n<p>In der ersten  Woche habe ich mich auf ca. 900 m etwas an die H\u00f6he gew\u00f6hnt und bei meinen Gastgebern etwas die Elektrik erneuert. Jetzt geht es von Traslasierra im Westen der Provinz Cordoba zu den richtig hohen Bergen vor den Anden und in die Cordillera selbst.<\/p>\n\n\n\n<p>Der Versuch, an  einem Automaten in Villa Dolores an Bargeld zu kommen, war wie \u00fcblich kompliziert. Die Grenze f\u00fcr das Abheben liegt pro Tag und Karte bei ca. 100 Euro (5000 Peso). W\u00e4hrend man die 2017 aber noch in einer Summe bekam, muss man jetzt 3000 und 2000 getrennt ziehen. F\u00fcr jede Buchung  werden ca. 250 Pesos (ca. 5 Euro) Bankspesen abgebucht, das erh\u00f6ht die Zusatzkosten! Dazu kommt, dass vor den zu wenigen oder defekten Bankautomaten Schlangen stehen oder dass die Maschine gerade dann leer ist, wenn man die Spitze der Schlange erreicht hat.<\/p>\n\n\n\n<p>Kreditkarten werden von sehr vielen Tankstellen, Hotels und Restaurants nicht angenommen, die schwierige Versorgung mit Bargeld h\u00e4lt auf. Eigentlich ist das Reisen ohne meine Freunde au\u00dferhalb der gro\u00dfen St\u00e4dte recht kompliziert. Wer Begleitung haben m\u00f6chte, kann diese unter Reiseleiter.com.ar buchen.<\/p>\n\n\n\n<p>Gestern ging es weiter zum ersten H\u00f6hepunkt der Reise: Laguna Brava auf ca. 4300 m H\u00f6he in der  zentralen Kordillere der Anden. Vom letzten Ort Vinchina sind es noch 150 km stetig bergauf. Man muss einen \u00f6rtlichen Reiseleiter mit ins Auto nehmen, die Besucher haben wohl in fr\u00fcheren Jahren zu viel Unsinn in der empfindlichen Bergwelt angestellt. Es beginnt mit der Durchquerung der Vorkordillere in einem sehr engen Flusstal danach folgt eine riesige schiefe Schotterebene, die dann am Fu\u00df der Berge in 3000 m wieder auf ein Tal zu f\u00fchrt. Diese Berge sind viel weniger schroff als erwartet sondern eher glatt und mit einer sandigen Oberfl\u00e4che. <\/p>\n\n\n\n<figure class=\"wp-block-image\"><img loading=\"lazy\" width=\"1024\" height=\"768\" src=\"https:\/\/www.elvivo.de\/wp-content\/uploads\/2019\/05\/2019AR073-1-1024x768.jpg\" alt=\"\" class=\"wp-image-55\" srcset=\"https:\/\/www.elvivo.de\/wp-content\/uploads\/2019\/05\/2019AR073-1-1024x768.jpg 1024w, https:\/\/www.elvivo.de\/wp-content\/uploads\/2019\/05\/2019AR073-1-300x225.jpg 300w, https:\/\/www.elvivo.de\/wp-content\/uploads\/2019\/05\/2019AR073-1-768x576.jpg 768w, https:\/\/www.elvivo.de\/wp-content\/uploads\/2019\/05\/2019AR073-1-900x675.jpg 900w, https:\/\/www.elvivo.de\/wp-content\/uploads\/2019\/05\/2019AR073-1-1280x960.jpg 1280w\" sizes=\"(max-width: 1024px) 100vw, 1024px\" \/><figcaption>Schotterpiste (ripio) vor Laguna Brava auf ca. 4300 m<\/figcaption><\/figure>\n\n\n\n<p> All diese Berge sind sehr bunt mit abwechselnden Farben wegen der  unterschiedlichen Mineralien, die im Gestein enthalten sind. Besonders  beeindruckend sind die verschiedenen Gr\u00fcnt\u00f6ne! Am Ende der Fahrt  erreicht man dann die Hochebene mit dem Salzsee Laguna Brava und den  schneebedeckten Bergen im  Hintergrund.<\/p>\n\n\n\n<figure class=\"wp-block-image\"><img loading=\"lazy\" width=\"1024\" height=\"768\" src=\"https:\/\/www.elvivo.de\/wp-content\/uploads\/2019\/05\/20190321_154019-1024x768.jpg\" alt=\"\" class=\"wp-image-58\" srcset=\"https:\/\/www.elvivo.de\/wp-content\/uploads\/2019\/05\/20190321_154019-1024x768.jpg 1024w, https:\/\/www.elvivo.de\/wp-content\/uploads\/2019\/05\/20190321_154019-300x225.jpg 300w, https:\/\/www.elvivo.de\/wp-content\/uploads\/2019\/05\/20190321_154019-768x576.jpg 768w, https:\/\/www.elvivo.de\/wp-content\/uploads\/2019\/05\/20190321_154019-900x675.jpg 900w, https:\/\/www.elvivo.de\/wp-content\/uploads\/2019\/05\/20190321_154019-1280x960.jpg 1280w\" sizes=\"(max-width: 1024px) 100vw, 1024px\" \/><\/figure>\n\n\n\n<p>Bunte Berge in Rott\u00f6nen<\/p>\n\n\n\n<figure class=\"wp-block-image\"><img loading=\"lazy\" width=\"1024\" height=\"578\" src=\"https:\/\/www.elvivo.de\/wp-content\/uploads\/2019\/05\/2019AR090-1-1024x578.jpg\" alt=\"\" class=\"wp-image-56\" srcset=\"https:\/\/www.elvivo.de\/wp-content\/uploads\/2019\/05\/2019AR090-1-1024x578.jpg 1024w, https:\/\/www.elvivo.de\/wp-content\/uploads\/2019\/05\/2019AR090-1-300x169.jpg 300w, https:\/\/www.elvivo.de\/wp-content\/uploads\/2019\/05\/2019AR090-1-768x433.jpg 768w, https:\/\/www.elvivo.de\/wp-content\/uploads\/2019\/05\/2019AR090-1-900x508.jpg 900w, https:\/\/www.elvivo.de\/wp-content\/uploads\/2019\/05\/2019AR090-1-1280x722.jpg 1280w\" sizes=\"(max-width: 1024px) 100vw, 1024px\" \/><figcaption>Salzsee Laguna Brava mit der Anden-Haupkette (&gt;6000 m)<\/figcaption><\/figure>\n\n\n\n<p>Es gibt nur wenige belastbare Angaben z.B. zu den H\u00f6hen oder zur  Entstehungsgeschichte der T\u00e4ler, die die Zufahrt dorthin erm\u00f6glichen. Da  muss ich noch weiter suchen. <\/p>\n\n\n\n<figure class=\"wp-block-image\"><img loading=\"lazy\" width=\"1024\" height=\"768\" src=\"https:\/\/www.elvivo.de\/wp-content\/uploads\/2019\/05\/20190323_093303-1-1024x768.jpg\" alt=\"\" class=\"wp-image-57\" srcset=\"https:\/\/www.elvivo.de\/wp-content\/uploads\/2019\/05\/20190323_093303-1-1024x768.jpg 1024w, https:\/\/www.elvivo.de\/wp-content\/uploads\/2019\/05\/20190323_093303-1-300x225.jpg 300w, https:\/\/www.elvivo.de\/wp-content\/uploads\/2019\/05\/20190323_093303-1-768x576.jpg 768w, https:\/\/www.elvivo.de\/wp-content\/uploads\/2019\/05\/20190323_093303-1-900x675.jpg 900w, https:\/\/www.elvivo.de\/wp-content\/uploads\/2019\/05\/20190323_093303-1-1280x960.jpg 1280w\" sizes=\"(max-width: 1024px) 100vw, 1024px\" \/><figcaption>Talenge bei der Fahrt zur Laguna Brava<\/figcaption><\/figure>\n\n\n\n<p>Seit der Abfahrt in Traslasierra habe ich neue Erkenntnisse zu den allt\u00e4glichen Reiseproblemen gewinnen k\u00f6nnen: W\u00e4hrend die Bargeldversorgung nicht billiger wird, sind die Geldautomaten in den Andenprovinzen besser gewartet, selbst in kleineren Orten sind sie gut und ohne gr\u00f6\u00dfere Wartezeiten benutzbar. Auch die in Cordoba extrem l\u00e4stigen dauernden Polizeikontrollen (teilweise alle 20 km) sind in San Juan und La Rioja unbekannt. Hier wird nur wie in ganz Argentinien an der Provinzgrenze kontrolliert. Auch an den Zufahrten zu den Oasenorten steht die Lebensmittelkontrolle und \u00fcberpr\u00fcft, ob man kein verbotenes Obst (wegen des m\u00f6glichen Sch\u00e4dlingsbefalls), v.a. \u00c4pfel im Auto mitbringt.<\/p>\n\n\n\n<p>Die  beiden letzten Tage in Fiambala in der Provinz Catamarca waren ohne brauchbare Internet-Verbindung, Bilder kann ich ohnehin von hier nicht hochladen. Fiambala ist der Ausgangspunkt f\u00fcr den Pass San Francisco zum \u00dcbergang nach Chile in ca. 4750 m \u00fcber NN. Die L\u00e4nge der Strecke bis  zur Passh\u00f6he sind 200 km, f\u00fcr die man im g\u00fcnstigsten Fall 3 h braucht. Die Strecke ist sehr sch\u00f6n, im unteren und oberen Teil geht es \u00fcber die schon bekannten Schotterfl\u00e4chen bergauf. Der mittlere Abschnitt f\u00fchrt durch eine sehr rote Talenge ohne enge Kurven.&nbsp;<\/p>\n\n\n\n<p>Der obere Teil  ist viel st\u00e4rker bewachsen auf den sanften H\u00e4ngen. \u00dcberall sind kleine  Herden von Guanakos, vor allem aber Vicu\u00f1as zu sehen. Ab 3500 m tauchen dann die Erhebungen der Zentral-Anden mit H\u00f6hen \u00fcber 6000 m auf. Auf  4000 m liegt die argentinische Grenzkontrolle, da muss man seine Papiere vorzeigen, auch wenn man nur auf den Pass m\u00f6chte. Wir sind dann noch ein  St\u00fcck nach Chile hinein zum Bergsee Laguna Verde.<\/p>\n\n\n\n<figure class=\"wp-block-gallery columns-3 is-cropped\"><ul class=\"blocks-gallery-grid\"><li class=\"blocks-gallery-item\"><figure><img loading=\"lazy\" width=\"1024\" height=\"768\" src=\"https:\/\/www.elvivo.de\/wp-content\/uploads\/2019\/05\/2019AR145-1024x768.jpg\" alt=\"\" data-id=\"20\" data-link=\"https:\/\/www.elvivo.de\/?attachment_id=20\" class=\"wp-image-20\" srcset=\"https:\/\/www.elvivo.de\/wp-content\/uploads\/2019\/05\/2019AR145-1024x768.jpg 1024w, https:\/\/www.elvivo.de\/wp-content\/uploads\/2019\/05\/2019AR145-300x225.jpg 300w, https:\/\/www.elvivo.de\/wp-content\/uploads\/2019\/05\/2019AR145-768x576.jpg 768w, https:\/\/www.elvivo.de\/wp-content\/uploads\/2019\/05\/2019AR145-1568x1176.jpg 1568w\" sizes=\"(max-width: 1024px) 100vw, 1024px\" \/><\/figure><\/li><li class=\"blocks-gallery-item\"><figure><img loading=\"lazy\" width=\"1024\" height=\"578\" src=\"https:\/\/www.elvivo.de\/wp-content\/uploads\/2019\/05\/2019AR170-1024x578.jpg\" alt=\"\" data-id=\"21\" data-link=\"https:\/\/www.elvivo.de\/?attachment_id=21\" class=\"wp-image-21\" srcset=\"https:\/\/www.elvivo.de\/wp-content\/uploads\/2019\/05\/2019AR170-1024x578.jpg 1024w, https:\/\/www.elvivo.de\/wp-content\/uploads\/2019\/05\/2019AR170-300x169.jpg 300w, https:\/\/www.elvivo.de\/wp-content\/uploads\/2019\/05\/2019AR170-768x433.jpg 768w, https:\/\/www.elvivo.de\/wp-content\/uploads\/2019\/05\/2019AR170-1568x885.jpg 1568w\" sizes=\"(max-width: 1024px) 100vw, 1024px\" \/><\/figure><\/li><li class=\"blocks-gallery-item\"><figure><img loading=\"lazy\" width=\"1024\" height=\"768\" src=\"https:\/\/www.elvivo.de\/wp-content\/uploads\/2019\/05\/2019AR134-1024x768.jpg\" alt=\"\" data-id=\"59\" data-link=\"https:\/\/www.elvivo.de\/?attachment_id=59\" class=\"wp-image-59\" srcset=\"https:\/\/www.elvivo.de\/wp-content\/uploads\/2019\/05\/2019AR134-1024x768.jpg 1024w, https:\/\/www.elvivo.de\/wp-content\/uploads\/2019\/05\/2019AR134-300x225.jpg 300w, https:\/\/www.elvivo.de\/wp-content\/uploads\/2019\/05\/2019AR134-768x576.jpg 768w, https:\/\/www.elvivo.de\/wp-content\/uploads\/2019\/05\/2019AR134-900x675.jpg 900w, https:\/\/www.elvivo.de\/wp-content\/uploads\/2019\/05\/2019AR134-1280x960.jpg 1280w\" sizes=\"(max-width: 1024px) 100vw, 1024px\" \/><\/figure><\/li><\/ul><\/figure>\n\n\n\n<p>W\u00e4hrend der  Pass auf der argentinischen Seite seit etwa 15 Jahren fertig asphaltiert ist, erreichen die Chilenen gerade die H\u00f6he. Die letzten 15 km sind noch Schotter und Baustra\u00dfe, sollen aber noch vor dem Winter befahrbar sein: Sie arbeiten auch Samstags und ohne Siesta!<\/p>\n\n\n\n<p>Heute ging es dann eher gem\u00fctlich zur\u00fcck nach S\u00fcden bis Guandacol ins Hostal San Bernardo. Der Freitag hatte auf dem Weg von Vinchina \u00fcber Chilecito und Famatina nach Fiambala einige typisch argentinische \u00dcberraschungen, die mal mehr, mal weniger Zeit kosteten:<\/p>\n\n\n\n<p>Noch in Vinchina hatten die \u00f6rtlichen Lehrer, die seit Wochen streiken eine Stra\u00dfensperre, ein \u201aPiquete\u2018 eingerichtet. Sie halten den Verkehr auf,  die Polizei steht daneben und passt auf, dass niemand die Sperre  durchbricht. Nach einiger Zeit l\u00e4sst man den Stau abflie\u00dfen und macht  wieder zu. Das selbe Bild an einem wichtigen Strassendreick n\u00f6rdlich von Chilecito. Die Streikenden nehmen nat\u00fcrlich immer Stellen, die man  nicht umgehen kann. Je nach Radikalit\u00e4t dauern die Sperrungen auch  l\u00e4nger. Niemand (au\u00dfer mir!) regt sich auf, es gibt gern auch Applaus  bei der Vorbeifahrt.<\/p>\n\n\n\n<figure class=\"wp-block-image\"><img loading=\"lazy\" width=\"1024\" height=\"693\" src=\"https:\/\/www.elvivo.de\/wp-content\/uploads\/2019\/05\/2019AR122-e1557148635203-1024x693.jpg\" alt=\"\" class=\"wp-image-22\" srcset=\"https:\/\/www.elvivo.de\/wp-content\/uploads\/2019\/05\/2019AR122-e1557148635203-1024x693.jpg 1024w, https:\/\/www.elvivo.de\/wp-content\/uploads\/2019\/05\/2019AR122-e1557148635203-300x203.jpg 300w, https:\/\/www.elvivo.de\/wp-content\/uploads\/2019\/05\/2019AR122-e1557148635203-768x520.jpg 768w, https:\/\/www.elvivo.de\/wp-content\/uploads\/2019\/05\/2019AR122-e1557148635203-1568x1061.jpg 1568w\" sizes=\"(max-width: 1024px) 100vw, 1024px\" \/><figcaption>Stra\u00dfensperre der Grundschullehrer bei Chilecito, Prov. La Rioja<\/figcaption><\/figure>\n\n\n\n<p>Sp\u00e4ter nahmen wir eine als Abk\u00fcrzung eine wenig befahrene Erdstra\u00dfe von La Rioja nach Catamarca, in den B\u00fcschen an der Provinzgrenze wartete eine gr\u00f6\u00dfere Polizei-Einheit auf Autofahrer. Die Kontrolle verlief wie eigentlich immer sehr entspannt und man wird sich noch lange an die \u00e4lteren Ausl\u00e4nder auf dem Feldweg erinnern.<\/p>\n\n\n\n<p>Hinter Guandacol geht es wieder auf der Ruta 40 nach S\u00fcden. <\/p>\n\n\n\n<figure class=\"wp-block-gallery columns-3 is-cropped\"><ul class=\"blocks-gallery-grid\"><li class=\"blocks-gallery-item\"><figure><img loading=\"lazy\" width=\"1024\" height=\"938\" src=\"https:\/\/www.elvivo.de\/wp-content\/uploads\/2019\/05\/km3700-3-e1557158852928-1024x938.jpg\" alt=\"\" data-id=\"64\" data-link=\"https:\/\/www.elvivo.de\/?attachment_id=64\" class=\"wp-image-64\" srcset=\"https:\/\/www.elvivo.de\/wp-content\/uploads\/2019\/05\/km3700-3-e1557158852928-1024x938.jpg 1024w, https:\/\/www.elvivo.de\/wp-content\/uploads\/2019\/05\/km3700-3-e1557158852928-300x275.jpg 300w, https:\/\/www.elvivo.de\/wp-content\/uploads\/2019\/05\/km3700-3-e1557158852928-768x704.jpg 768w, https:\/\/www.elvivo.de\/wp-content\/uploads\/2019\/05\/km3700-3-e1557158852928-900x824.jpg 900w, https:\/\/www.elvivo.de\/wp-content\/uploads\/2019\/05\/km3700-3-e1557158852928-1280x1173.jpg 1280w, https:\/\/www.elvivo.de\/wp-content\/uploads\/2019\/05\/km3700-3-e1557158852928.jpg 2048w\" sizes=\"(max-width: 1024px) 100vw, 1024px\" \/><\/figure><\/li><li class=\"blocks-gallery-item\"><figure><img loading=\"lazy\" width=\"1024\" height=\"768\" src=\"https:\/\/www.elvivo.de\/wp-content\/uploads\/2019\/05\/2019AR215-1024x768.jpg\" alt=\"\" data-id=\"25\" data-link=\"https:\/\/www.elvivo.de\/?attachment_id=25\" class=\"wp-image-25\" srcset=\"https:\/\/www.elvivo.de\/wp-content\/uploads\/2019\/05\/2019AR215-1024x768.jpg 1024w, https:\/\/www.elvivo.de\/wp-content\/uploads\/2019\/05\/2019AR215-300x225.jpg 300w, https:\/\/www.elvivo.de\/wp-content\/uploads\/2019\/05\/2019AR215-768x576.jpg 768w, https:\/\/www.elvivo.de\/wp-content\/uploads\/2019\/05\/2019AR215-1568x1176.jpg 1568w\" sizes=\"(max-width: 1024px) 100vw, 1024px\" \/><\/figure><\/li><li class=\"blocks-gallery-item\"><figure><img loading=\"lazy\" width=\"1024\" height=\"911\" src=\"https:\/\/www.elvivo.de\/wp-content\/uploads\/2019\/05\/VLR110-e1557158924841-1024x911.jpg\" alt=\"\" data-id=\"26\" data-link=\"https:\/\/www.elvivo.de\/?attachment_id=26\" class=\"wp-image-26\" srcset=\"https:\/\/www.elvivo.de\/wp-content\/uploads\/2019\/05\/VLR110-e1557158924841-1024x911.jpg 1024w, https:\/\/www.elvivo.de\/wp-content\/uploads\/2019\/05\/VLR110-e1557158924841-300x267.jpg 300w, https:\/\/www.elvivo.de\/wp-content\/uploads\/2019\/05\/VLR110-e1557158924841-768x683.jpg 768w, https:\/\/www.elvivo.de\/wp-content\/uploads\/2019\/05\/VLR110-e1557158924841-900x800.jpg 900w, https:\/\/www.elvivo.de\/wp-content\/uploads\/2019\/05\/VLR110-e1557158924841-1280x1138.jpg 1280w\" sizes=\"(max-width: 1024px) 100vw, 1024px\" \/><\/figure><\/li><\/ul><\/figure>\n\n\n\n<p>Die  Senken hei\u00dfen \u201aBaden\u2018 und wenn man das (alte) Schild mit dem Begriff unvorbereitet sieht staunt man erst einmal. Heute sind es meist Symbole, aber auf der 40 steht der Hinweis, dass die Zona de Badenes 60 km lang ist. Versteckt in den Bergen liegt eine sehr gro\u00dfe Goldmine schon in der Provinz San Juan.<\/p>\n\n\n\n<p>San Juan durchfahren wir dann auch fast ganz von Nord nach S\u00fcd immer so nahe an den Bergen wie es mit einem PKW m\u00f6glich ist. Von J\u00e1chal geht es durch eine Schlucht zum Stausee Cuesta de Viento mit seinen Windsurfern. Die direkte Strecke zum Tagesziel Barreal w\u00fcrde 80 km \u00fcber Staubstra\u00dfen f\u00fchren und bliebe auf derselben Schotterebene. Wir nehmen einen ziemlichen Umweg \u00fcber zwei P\u00e4sse und eine weitere Schlucht. In der wird gerade die Stra\u00dfe neu gebaut. 2017 waren wir schon in den 1. Bauabschnitt geraten und mussten 15 km auf einer Baustra\u00dfe durchs Flussbett, diesmal ist der obere Teil dran, mit denselben Problemen. Es hat sich aber wohl auch bei den Touristen herumgesprochen, diesmal sind  keine Fahrradfahrer in den Staubwolken der LKW.<\/p>\n\n\n\n<p>Barreal und Calingasta bilden eine Oase auf ca. 1500 m, hier werden v.a. N\u00fcsse geerntet und andere Landwirtschaft betrieben. S\u00fcdlich davon ist auf einer riesigen Sandfl\u00e4che ein Revier f\u00fcr Strandsegler.<\/p>\n\n\n\n<p>Da die Stra\u00dfe nach Mendoza noch immer auf den Teer wartet, fahren wir wieder durch die Baustelle in die Stadt San Juan. Weil sie 1944 durch  ein Erdbeben zerst\u00f6rt wurde, hat sie fast keine alten Geb\u00e4ude. Das macht  sie aber v.a. in den letzten Jahren durch tolle neue Kulturbauten wie  einen Konzertsaal und ein Theater wett. In der Provinz werden alle  landwirtschaftlichen Produkte erzeugt, Fisch kommt aus dem nahen  Pazifik. Das wirkt sich auf die Qualit\u00e4t der Restaurants aus: Wir haben  sehr gut gegessen.<\/p>\n\n\n\n<p>Der letzte Teil dieser Fahrt geht dann an Weinfeldern in San Juan \u00fcber den Norden von San Luis durch die Dornbuschsavanne des Chaco Seco wieder in den Traslasierra-Teil von Cordoba. Da es die Mittagszeit ist, fallen die Kontrollen an den Provinzgrenzen kurz oder ganz aus.<\/p>\n\n\n\n<p><strong>Berge ohne Namen<\/strong><\/p>\n\n\n\n<p>Die Fahrt durch diesen kleinen Ausschnitt nur des Nordwestens von  Argentinien zeigte wieder die Dimensionen des Landes. Es fasziniert  durch die Weite der Landschaft mit ihren Hochfl\u00e4chen, die immer wieder von Bergketten (Sierren) gegliedert werden. Die einzelnen Gipfel haben keine Namen, es ist einfach niemand da, der ihnen einen geben w\u00fcrde. Es w\u00e4re wohl auch sinnlos, keiner will da rauf. Das sieht in den Hochanden etwas anders aus, aber auch deren Gipfel in der Provinz Catamarca haben keine \u00c4hnlichkeit mit den schroffen Spitzen in den Alpen oder in Asien. Alles ist rundlich, die Berge ertrinken in ihrem eigenen Schutt. Wenn sie nicht so hoch l\u00e4gen w\u00fcrde man gerne auf den gut sichtbaren Pfaden der Vicunas wandern.<\/p>\n\n\n\n<p>Die schr\u00e4gen Schotterfl\u00e4chen zwischen den Sierren erstrecken sich tlw. \u00fcber mehrere 100 km, sind aber nicht zusammenh\u00e4ngend durch Stra\u00dfen  erschlossen. Die Fl\u00e4che von der Laguna Brava in Catamarca zieht sich  durch ganz San Juan \u00fcber 300 km bis Bermejo an der Grenze zu San Luis. Das Stra\u00dfennetz der Gegend nutzt das aber aus wohl historischen Gr\u00fcnden nicht. Mal sehen, ob es dazu noch Informationen gibt.<\/p>\n\n\n\n<p><strong>Zickenalarm auf der Pampa?<\/strong><\/p>\n\n\n\n<figure class=\"wp-block-gallery columns-3 is-cropped\"><ul class=\"blocks-gallery-grid\"><li class=\"blocks-gallery-item\"><figure><img loading=\"lazy\" width=\"768\" height=\"1024\" src=\"https:\/\/www.elvivo.de\/wp-content\/uploads\/2019\/05\/Tun020-e1557215115495-768x1024.jpg\" alt=\"\" data-id=\"66\" data-link=\"https:\/\/www.elvivo.de\/?attachment_id=66\" class=\"wp-image-66\" srcset=\"https:\/\/www.elvivo.de\/wp-content\/uploads\/2019\/05\/Tun020-e1557215115495-768x1024.jpg 768w, https:\/\/www.elvivo.de\/wp-content\/uploads\/2019\/05\/Tun020-e1557215115495-225x300.jpg 225w, https:\/\/www.elvivo.de\/wp-content\/uploads\/2019\/05\/Tun020-e1557215115495-900x1200.jpg 900w, https:\/\/www.elvivo.de\/wp-content\/uploads\/2019\/05\/Tun020-e1557215115495-1280x1707.jpg 1280w\" sizes=\"(max-width: 768px) 100vw, 768px\" \/><\/figure><\/li><li class=\"blocks-gallery-item\"><figure><img loading=\"lazy\" width=\"1024\" height=\"768\" src=\"https:\/\/www.elvivo.de\/wp-content\/uploads\/2019\/05\/Tun030-1024x768.jpg\" alt=\"\" data-id=\"67\" data-link=\"https:\/\/www.elvivo.de\/?attachment_id=67\" class=\"wp-image-67\" srcset=\"https:\/\/www.elvivo.de\/wp-content\/uploads\/2019\/05\/Tun030-1024x768.jpg 1024w, https:\/\/www.elvivo.de\/wp-content\/uploads\/2019\/05\/Tun030-300x225.jpg 300w, https:\/\/www.elvivo.de\/wp-content\/uploads\/2019\/05\/Tun030-768x576.jpg 768w, https:\/\/www.elvivo.de\/wp-content\/uploads\/2019\/05\/Tun030-900x675.jpg 900w, https:\/\/www.elvivo.de\/wp-content\/uploads\/2019\/05\/Tun030-1280x960.jpg 1280w\" sizes=\"(max-width: 1024px) 100vw, 1024px\" \/><\/figure><\/li><li class=\"blocks-gallery-item\"><figure><img loading=\"lazy\" width=\"1024\" height=\"768\" src=\"https:\/\/www.elvivo.de\/wp-content\/uploads\/2019\/05\/Tun040-1024x768.jpg\" alt=\"\" data-id=\"68\" data-link=\"https:\/\/www.elvivo.de\/?attachment_id=68\" class=\"wp-image-68\" srcset=\"https:\/\/www.elvivo.de\/wp-content\/uploads\/2019\/05\/Tun040-1024x768.jpg 1024w, https:\/\/www.elvivo.de\/wp-content\/uploads\/2019\/05\/Tun040-300x225.jpg 300w, https:\/\/www.elvivo.de\/wp-content\/uploads\/2019\/05\/Tun040-768x576.jpg 768w, https:\/\/www.elvivo.de\/wp-content\/uploads\/2019\/05\/Tun040-900x675.jpg 900w, https:\/\/www.elvivo.de\/wp-content\/uploads\/2019\/05\/Tun040-1280x960.jpg 1280w\" sizes=\"(max-width: 1024px) 100vw, 1024px\" \/><\/figure><\/li><\/ul><\/figure>\n\n\n\n<p>Nach zwei Ruhetagen bei den Gastgebern ging es gestern wieder auf eine Fahrt nach Norden, an Cura Brochero (die Stadt des ersten argentinischen Heiligen) vorbei auf die Pampa de Pocho. Das ist eine in ca. 1000 m H\u00f6he gelegene Ebene mit landwirtschaftlicher Nutzung, die auch noch von einem Palmeng\u00fcrtel durchzogen wird. Jetzt bl\u00fchten am Stra\u00dfenrand auch noch Tausende von Cosmeen, nach den steinigen Anden und ihren Vorbergen eine sch\u00f6ne Ansicht.&nbsp;<\/p>\n\n\n\n<p>In Taninga biegt man nach Westen auf die ruta 28 ab, die Stra\u00dfe ist nagelneu geteert bis zu den Tunneln. Die 5 Tunnel stammen aus den 30er Jahren und geh\u00f6ren zur alten N20, die Cordoba mit San Juan verband. Sp\u00e4ter wurde sie dann nach S\u00fcden auf die besser befahrbaren P\u00e4sse der Sierra de Comechigones und das Valle de Traslasierra verlegt. Hinter den Tunneln windet sich die 28 einen sehr steilen Abbruch hinunter, um die Ebene Richtung Provinz La Rioja zu erreichen.<\/p>\n\n\n\n<p>Kurz vor den  Tunneln steht ein riesiges Restaurant am Stra\u00dfenrand. Da in dem Teil der  Pampa de Pocho fast niemand lebt, \u00fcberrascht das etwas. Es gibt keine Speisekarte, alle bekommen das selbe Gericht: Ziegenbraten! Kleinere Beilagen werden gereicht, als Vorspeise gibt es Empanadas. Ansonsten wird immer wieder gebratene Ziege nachgelegt. Eine Nachfrage beim Parillero ergab, dass er pro Tag 30-40 Ziegen br\u00e4t, an Spitzentagen bis zu 80. Da es keinen Ruhetag in diesem traditionellen Familienbetrieb gibt, werden dort also \u00fcber 10.000 Ziegen pro Jahr gegessen.<\/p>\n\n\n\n<p><strong>Globalisierung und ihre Auswirkungen in der Provinz Cordoba<\/strong><\/p>\n\n\n\n<p>Schon vor einigen Jahren fielen mir die rostigen und nicht mehr benutzten Getreidesilos n\u00f6rdlich von Cordoba Ciudad (bei Jes\u00fas Maria) auf. Das war mal ein Anbaugebiet f\u00fcr Weizen, der dann entweder in Argentinien verarbeitet oder aber auch exportiert wurde. Heute wird in diesem Teil der Pampa Humeda wie auch sonst entlang der Achse BsAs &#8211; Rosario &#8211; Cordoba fast ausschliesslich Soja f\u00fcr den Export gepflanzt. Das f\u00fchrte dazu, dass das Mehl f\u00fcr die Broterzeugung knapp wird.<\/p>\n\n\n\n<p>Der Anbau und v.a. die Ernte von Soja laufen hoch automatisiert ab. Von Norden nach S\u00fcden arbeiten sich Kolonnen von GPS-gesteuerten M\u00e4hdreschern vor. Die geerntete Soja wird direkt auf LKW verladen, die die Ernte dann nach Rosario (bis dort ist der Paran\u00e1 f\u00fcr Seeschiffe befahrbar) oder direkt nach BsAs bringen. Falls trotz der ausgekl\u00fcgelten Logistik nicht genug Transportkapazit\u00e4t vorhanden ist, werden ca. 20 m lange schwarze Zylinder mit ca 1.50 m Durchmesser mit der Soja prall gef\u00fcllt. Die werden dann nach und nach leergesaugt und der Inhalt auf die LKW verladen und abtransportiert: Eine argentinische Erfindung!<\/p>\n\n\n\n<p>Der gesamte Anbau wird von internationalen Konsortien durchgef\u00fchrt, die lokalen Landbesitzer kassieren die Pacht ohne eigene T\u00e4tigkeiten: Das entspricht dem Typus des &#8218;Sofamelkers&#8216; in der europ\u00e4ischen Milchwirtschaft! Die Soja wird exportiert, v.a. nach China und Nordamerika, die verdienten Devisen erreichen aber wohl nur zum geringeren Teil das argentinische Hinterland. Durch die Umstellung der Agrarwirtschaft haben sich auch die lokalen Wirtschaftsstrukturen ver\u00e4ndert, kleinere Reparaturbetriebe f\u00fcr Landmaschinen sind verschwunden, jetzt werden Luxus-Camionetas f\u00fcr die Verp\u00e4chter verkauft.<\/p>\n\n\n\n<p>In Traslasierra erfuhr ich von einem weitereren Trend, wie ein Gespr\u00e4ch in Villa Dolores zeigte: Im Nachbarort Villa Sarmiento sinkt der Grundwasserspiegel, weil gro\u00dfe Fl\u00e4chen durch Externe aufgekauft und Tiefbrunnen gebohrt wurden. Auf diesen Bew\u00e4sserungsfl\u00e4chen (tasas) wird nun Alfalfa angebaut und dieses hochwertige Heu wird auf die arabische Halbinsel exportiert. Angeblich dient es dort zur F\u00fctterung f\u00fcr Pferde und Kamele.<\/p>\n\n\n\n<p>Auch der Mais scheint von der Globalisierung betroffen zu sein, die Humita (Maisbrei mit K\u00e4se) wird teurer.<\/p>\n\n\n\n<p><strong>Neues vom Geldautomaten (Casher)<\/strong><\/p>\n\n\n\n<p>Nach den Pr\u00e4sidentenwahlen vom 27.10.2019 wurde die Devisenkontrolle f\u00fcr Argentinier versch\u00e4rft, pro Monat d\u00fcrfen nur noch 200 US-Dollar erworben werden. Im Westen der Provinz Cordoba geben die Geldautomaten z.Z. kein Bargeld auf europ\u00e4ische Kreditkarten heraus, was im Rest des Landes passiert, weiss ich noch nicht.<\/p>\n\n\n\n<h2>CORONA Update<\/h2>\n\n\n\n<p>Meistens bin ich im M\u00e4rz in Argentinien gewesen, da s\u00e4\u00dfe ich jetzt fest oder w\u00e4re Hals \u00fcber Kopf hinausgeflogen. Wobei das aus der entlegenen Region gar nicht so einfach geworden w\u00e4re. in diesem Jahr sollte es eigentlich der Fr\u00fchling im Oktober sein, die Fl\u00fcge waren gebucht. Ich glaube aber nicht, dass es in diesem Jahr noch mal etwas mit dem Besuch wird, Argentinien k\u00f6nnte mit dem Corona-Virus (CV) auf eine existenzielle Krise zusteuern und der internationale Tourismus wird ohnehin stark zur\u00fcckgehen.<\/p>\n\n\n\n<p>Bis vor ein paar Tagen sah es f\u00fcr mich so aus, als ob Argentinien am S\u00fcdende des Kontintents glimpflich davon kommen w\u00fcrde: Man hatte rechtzeitig die Grenzen geschlossen und so kaum CV-F\u00e4lle importiert. Das Kerngebiet war ausgerechnet der menschenleere Chaco, die wenigen F\u00e4lle h\u00e4tte man recht gut isolieren k\u00f6nnen. Dann reisten aber trotz bereits massiver Verbreitung von CV Tausende von Argentiniern in die Hauptverbreitungsgebiete nach Europa und in die USA. Diese Reisenden werden nun zur\u00fcckgeholt und z.T. ohne Quarant\u00e4ne in die Metropole BsAs und ihre Heimatprovinzen verteilt. Man wird sehen, wie sich die Weiterverbreitung von dort aus ergibt.<\/p>\n\n\n\n<figure class=\"wp-block-image size-large\"><img loading=\"lazy\" width=\"1024\" height=\"768\" src=\"https:\/\/www.elvivo.de\/wp-content\/uploads\/2020\/03\/DSCF4436-1024x768.jpg\" alt=\"\" class=\"wp-image-111\" srcset=\"https:\/\/www.elvivo.de\/wp-content\/uploads\/2020\/03\/DSCF4436-1024x768.jpg 1024w, https:\/\/www.elvivo.de\/wp-content\/uploads\/2020\/03\/DSCF4436-300x225.jpg 300w, https:\/\/www.elvivo.de\/wp-content\/uploads\/2020\/03\/DSCF4436-768x576.jpg 768w, https:\/\/www.elvivo.de\/wp-content\/uploads\/2020\/03\/DSCF4436-1536x1152.jpg 1536w, https:\/\/www.elvivo.de\/wp-content\/uploads\/2020\/03\/DSCF4436-2048x1536.jpg 2048w, https:\/\/www.elvivo.de\/wp-content\/uploads\/2020\/03\/DSCF4436-900x675.jpg 900w, https:\/\/www.elvivo.de\/wp-content\/uploads\/2020\/03\/DSCF4436-1280x960.jpg 1280w\" sizes=\"(max-width: 1024px) 100vw, 1024px\" \/><\/figure>\n\n\n\n<p>Corona &#8211; 1 Jahr sp\u00e4ter<\/p>\n\n\n\n<p>Argentinien hatte im Jahr 2020 eine der h\u00e4rtesten und l\u00e4ngsten Ausgangssperren weltweit. Ungef\u00e4hr ein halbes Jahr waren nur die n\u00f6tigsten Besorgungen erlaubt, die Provinzgrenzen waren f\u00fcr den privaten Verkehr geschlossen. So wurde z.B. die Grenze von Cordoba nach San Luis bei Merlo mit ein paar Lastwagenladungen Erde \u00fcberkippt, ein Durchkommen war nicht mehr m\u00f6glich. Innerhalb der Provinz Cordoba wurde der Pass von Altos Cumbres nach Traslasierra (Dep. San Javier-Yacanto) gesperrt und der Zugang nach Villa Dolores durch Polizeikontrollen verboten. Im November wurde dann in Traslasierra vorsichtig ge\u00f6ffnet, es gibt bisher nur wenige Covid19-F\u00e4lle.<\/p>\n\n\n\n<p>Da Argentinien weiterhin sehr viel C19-F\u00e4lle hat (die Quote liegt f\u00fcr Erkrankte beim doppelten von Deutschland, die Todesfallquote bei ca. 180 % (Daten vom 25.05.2021, Johns-Hopkins-U.)) wurde vor Pfingsten wieder die strikte Ausgangssperre nachts eingf\u00fchrt und die Schulen geschlossen. Mal sehen, wie lange sie dieses Mal dauert. Die Impfungen werden nach meinen Informationen mit Sinopharm durchgef\u00fchrt, sie laufen nur langsam an.<\/p>\n\n\n\n<p>Hier ein Foto (von A. Heynen) von der winterlichen Sierra de los Comechigones:<\/p>\n\n\n\n<figure class=\"wp-block-image size-large\"><img loading=\"lazy\" width=\"768\" height=\"1024\" src=\"https:\/\/www.elvivo.de\/wp-content\/uploads\/2021\/05\/Abracarral_Winter-768x1024.jpg\" alt=\"\" class=\"wp-image-119\" srcset=\"https:\/\/www.elvivo.de\/wp-content\/uploads\/2021\/05\/Abracarral_Winter-768x1024.jpg 768w, https:\/\/www.elvivo.de\/wp-content\/uploads\/2021\/05\/Abracarral_Winter-225x300.jpg 225w, https:\/\/www.elvivo.de\/wp-content\/uploads\/2021\/05\/Abracarral_Winter-1152x1536.jpg 1152w, https:\/\/www.elvivo.de\/wp-content\/uploads\/2021\/05\/Abracarral_Winter-1536x2048.jpg 1536w, https:\/\/www.elvivo.de\/wp-content\/uploads\/2021\/05\/Abracarral_Winter-900x1200.jpg 900w, https:\/\/www.elvivo.de\/wp-content\/uploads\/2021\/05\/Abracarral_Winter-1280x1707.jpg 1280w, https:\/\/www.elvivo.de\/wp-content\/uploads\/2021\/05\/Abracarral_Winter-rotated.jpg 1920w\" sizes=\"(max-width: 768px) 100vw, 768px\" \/><\/figure>\n","protected":false},"excerpt":{"rendered":"<p>Ein geographischer Reise-Blog Ich begr\u00fc\u00dfe Sie\/Euch auf meiner Web-Seite zu den Eigenheiten und Sch\u00f6nheiten des Norden Argentiniens Als Geograph reise ich schon seit vielen Jahren in Argentinien umher. In den vergangenen Jahren habe ich mich stark auf die unbekannteren Provinzen im Nordwesten vor den Anden konzentriert. Dar\u00fcber und \u00fcber die vielen Eigenheiten des Landes m\u00f6chte [&hellip;]<\/p>\n","protected":false},"author":1,"featured_media":0,"comment_status":"open","ping_status":"open","sticky":false,"template":"","format":"standard","meta":[],"categories":[1],"tags":[],"_links":{"self":[{"href":"https:\/\/www.elvivo.de\/index.php?rest_route=\/wp\/v2\/posts\/1"}],"collection":[{"href":"https:\/\/www.elvivo.de\/index.php?rest_route=\/wp\/v2\/posts"}],"about":[{"href":"https:\/\/www.elvivo.de\/index.php?rest_route=\/wp\/v2\/types\/post"}],"author":[{"embeddable":true,"href":"https:\/\/www.elvivo.de\/index.php?rest_route=\/wp\/v2\/users\/1"}],"replies":[{"embeddable":true,"href":"https:\/\/www.elvivo.de\/index.php?rest_route=%2Fwp%2Fv2%2Fcomments&post=1"}],"version-history":[{"count":19,"href":"https:\/\/www.elvivo.de\/index.php?rest_route=\/wp\/v2\/posts\/1\/revisions"}],"predecessor-version":[{"id":120,"href":"https:\/\/www.elvivo.de\/index.php?rest_route=\/wp\/v2\/posts\/1\/revisions\/120"}],"wp:attachment":[{"href":"https:\/\/www.elvivo.de\/index.php?rest_route=%2Fwp%2Fv2%2Fmedia&parent=1"}],"wp:term":[{"taxonomy":"category","embeddable":true,"href":"https:\/\/www.elvivo.de\/index.php?rest_route=%2Fwp%2Fv2%2Fcategories&post=1"},{"taxonomy":"post_tag","embeddable":true,"href":"https:\/\/www.elvivo.de\/index.php?rest_route=%2Fwp%2Fv2%2Ftags&post=1"}],"curies":[{"name":"wp","href":"https:\/\/api.w.org\/{rel}","templated":true}]}}